{"id":1772,"date":"2019-07-25T16:34:34","date_gmt":"2019-07-25T14:34:34","guid":{"rendered":"https:\/\/www.nordbasketball.org\/?p=1772"},"modified":"2019-07-25T21:32:41","modified_gmt":"2019-07-25T19:32:41","slug":"camp-inter-comite-u12","status":"publish","type":"post","link":"https:\/\/www.nordbasketball.org\/index.php\/camp-inter-comite-u12\/","title":{"rendered":"Camp Inter-Comit\u00e9 U12"},"content":{"rendered":"<div id=\"pl-1772\"  class=\"panel-layout\" ><div id=\"pg-1772-0\"  class=\"panel-grid panel-no-style\" ><div id=\"pgc-1772-0-0\"  class=\"panel-grid-cell\" ><div id=\"panel-1772-0-0-0\" class=\"so-panel widget widget_sow-editor panel-first-child panel-last-child\" data-index=\"0\" ><div\n\t\t\t\n\t\t\tclass=\"so-widget-sow-editor so-widget-sow-editor-base\"\n\t\t\t\n\t\t>\n<div class=\"siteorigin-widget-tinymce textwidget\">\n\t<p>Dans le cadre de la r\u00e9novation de son parcours de formation, la Ligue R\u00e9gionale Hauts de France de Basketball a organis\u00e9 son traditionnel Camp Inter-Comit\u00e9s U12 qui s\u2019est tenu \u00e0 Gravelines du 4 au 7 Juillet 2019.<\/p>\n<p>Les jeunes potentiel, n\u00e9s en 2007, qui ont \u00e9t\u00e9 rep\u00e9r\u00e9 durant les rencontres Inter-Secteurs, sont issus des s\u00e9lections f\u00e9minines et masculines des Comit\u00e9s du Nord, du Pas-de-Calais, de l\u2019Aisne, de l\u2019Oise et de la Somme.<\/p>\n<p>Durant ces 4 jours, 8 filles et 12 gar\u00e7ons du Comit\u00e9 du Nord, ont particip\u00e9 \u00e0 des entra\u00eenements orient\u00e9s sur le travail des fondamentaux individuels, sur le jeu de relance et sur le pr\u00e9-collectif.<br \/>\nIls ont pu mettre en application leurs acquis durant des matchs, encadr\u00e9s par des techniciens venant des diff\u00e9rents Comit\u00e9s et des CTS de la Ligue Hauts de France Basketball.<\/p>\n<p>L\u2019objectif \u00e9tait de pr\u00e9parer les jeunes en vue du prochain Tournoi Inter-Comit\u00e9s U12.<\/p>\n<p>Les jeunes de nos s\u00e9lections sont issus des clubs :<\/p>\n<p>BF Escaudain, BC Bailleul, AS Aulnoye, O Grande-Synthe, SM Tourcoing, C\u0153ur de Flandre BB, Union Dechy Sin Basket, Wasquehal Femina (Pour la s\u00e9lection F\u00e9minine).<\/p>\n<p>BC Wattrelos, Lille M\u00e9tropole BC, ESBVA, BCM Gravelines, Douai Basket, O Grande-Synthe, BC Orchies, Conde Basket (Pour la s\u00e9lection Masculine).<\/p>\n<\/div>\n<\/div><\/div><\/div><\/div><div id=\"pg-1772-1\"  class=\"panel-grid panel-no-style\" ><div id=\"pgc-1772-1-0\"  class=\"panel-grid-cell\" ><div id=\"panel-1772-1-0-0\" class=\"so-panel widget widget_sow-image panel-first-child panel-last-child\" data-index=\"1\" ><div\n\t\t\t\n\t\t\tclass=\"so-widget-sow-image so-widget-sow-image-default-8b5b6f678277-1772\"\n\t\t\t\n\t\t>\n<div class=\"sow-image-container\">\n\t\t<img fetchpriority=\"high\" \n\tsrc=\"https:\/\/i0.wp.com\/www.nordbasketball.org\/wp-content\/uploads\/2019\/07\/67482866_726958467748842_6692682391569301504_n.jpg?fit=3264%2C2448&amp;ssl=1\" width=\"3264\" height=\"2448\" srcset=\"https:\/\/i0.wp.com\/www.nordbasketball.org\/wp-content\/uploads\/2019\/07\/67482866_726958467748842_6692682391569301504_n.jpg?w=3264&amp;ssl=1 3264w, https:\/\/i0.wp.com\/www.nordbasketball.org\/wp-content\/uploads\/2019\/07\/67482866_726958467748842_6692682391569301504_n.jpg?resize=300%2C225&amp;ssl=1 300w, https:\/\/i0.wp.com\/www.nordbasketball.org\/wp-content\/uploads\/2019\/07\/67482866_726958467748842_6692682391569301504_n.jpg?resize=768%2C576&amp;ssl=1 768w, https:\/\/i0.wp.com\/www.nordbasketball.org\/wp-content\/uploads\/2019\/07\/67482866_726958467748842_6692682391569301504_n.jpg?resize=1024%2C768&amp;ssl=1 1024w, https:\/\/i0.wp.com\/www.nordbasketball.org\/wp-content\/uploads\/2019\/07\/67482866_726958467748842_6692682391569301504_n.jpg?resize=1900%2C1425&amp;ssl=1 1900w, https:\/\/i0.wp.com\/www.nordbasketball.org\/wp-content\/uploads\/2019\/07\/67482866_726958467748842_6692682391569301504_n.jpg?w=2880&amp;ssl=1 2880w\" alt=\"\" \t\tclass=\"so-widget-image\"\/>\n\t<\/div>\n\n<\/div><\/div><\/div><div id=\"pgc-1772-1-1\"  class=\"panel-grid-cell\" ><div id=\"panel-1772-1-1-0\" class=\"so-panel widget widget_sow-image panel-first-child panel-last-child\" data-index=\"2\" ><div\n\t\t\t\n\t\t\tclass=\"so-widget-sow-image so-widget-sow-image-default-8b5b6f678277-1772\"\n\t\t\t\n\t\t>\n<div class=\"sow-image-container\">\n\t\t<img \n\tsrc=\"https:\/\/i0.wp.com\/www.nordbasketball.org\/wp-content\/uploads\/2019\/07\/67266912_1089754458079686_5609216847510503424_n.jpg?fit=3264%2C2448&amp;ssl=1\" width=\"3264\" height=\"2448\" srcset=\"https:\/\/i0.wp.com\/www.nordbasketball.org\/wp-content\/uploads\/2019\/07\/67266912_1089754458079686_5609216847510503424_n.jpg?w=3264&amp;ssl=1 3264w, https:\/\/i0.wp.com\/www.nordbasketball.org\/wp-content\/uploads\/2019\/07\/67266912_1089754458079686_5609216847510503424_n.jpg?resize=300%2C225&amp;ssl=1 300w, https:\/\/i0.wp.com\/www.nordbasketball.org\/wp-content\/uploads\/2019\/07\/67266912_1089754458079686_5609216847510503424_n.jpg?resize=768%2C576&amp;ssl=1 768w, https:\/\/i0.wp.com\/www.nordbasketball.org\/wp-content\/uploads\/2019\/07\/67266912_1089754458079686_5609216847510503424_n.jpg?resize=1024%2C768&amp;ssl=1 1024w, https:\/\/i0.wp.com\/www.nordbasketball.org\/wp-content\/uploads\/2019\/07\/67266912_1089754458079686_5609216847510503424_n.jpg?resize=1900%2C1425&amp;ssl=1 1900w, https:\/\/i0.wp.com\/www.nordbasketball.org\/wp-content\/uploads\/2019\/07\/67266912_1089754458079686_5609216847510503424_n.jpg?w=2880&amp;ssl=1 2880w\" alt=\"\" \t\tclass=\"so-widget-image\"\/>\n\t<\/div>\n\n<\/div><\/div><\/div><div id=\"pgc-1772-1-2\"  class=\"panel-grid-cell\" ><div id=\"panel-1772-1-2-0\" class=\"so-panel widget widget_sow-image panel-first-child panel-last-child\" data-index=\"3\" ><div\n\t\t\t\n\t\t\tclass=\"so-widget-sow-image so-widget-sow-image-default-8b5b6f678277-1772\"\n\t\t\t\n\t\t>\n<div class=\"sow-image-container\">\n\t\t<img \n\tsrc=\"https:\/\/i0.wp.com\/www.nordbasketball.org\/wp-content\/uploads\/2019\/07\/67108782_1809551862522299_1161164654949433344_n.jpg?fit=3264%2C2448&amp;ssl=1\" width=\"3264\" height=\"2448\" srcset=\"https:\/\/i0.wp.com\/www.nordbasketball.org\/wp-content\/uploads\/2019\/07\/67108782_1809551862522299_1161164654949433344_n.jpg?w=3264&amp;ssl=1 3264w, https:\/\/i0.wp.com\/www.nordbasketball.org\/wp-content\/uploads\/2019\/07\/67108782_1809551862522299_1161164654949433344_n.jpg?resize=300%2C225&amp;ssl=1 300w, https:\/\/i0.wp.com\/www.nordbasketball.org\/wp-content\/uploads\/2019\/07\/67108782_1809551862522299_1161164654949433344_n.jpg?resize=768%2C576&amp;ssl=1 768w, https:\/\/i0.wp.com\/www.nordbasketball.org\/wp-content\/uploads\/2019\/07\/67108782_1809551862522299_1161164654949433344_n.jpg?resize=1024%2C768&amp;ssl=1 1024w, https:\/\/i0.wp.com\/www.nordbasketball.org\/wp-content\/uploads\/2019\/07\/67108782_1809551862522299_1161164654949433344_n.jpg?resize=1900%2C1425&amp;ssl=1 1900w, https:\/\/i0.wp.com\/www.nordbasketball.org\/wp-content\/uploads\/2019\/07\/67108782_1809551862522299_1161164654949433344_n.jpg?w=2880&amp;ssl=1 2880w\" alt=\"\" \t\tclass=\"so-widget-image\"\/>\n\t<\/div>\n\n<\/div><\/div><\/div><\/div><\/div>","protected":false},"excerpt":{"rendered":"<p>Dans le cadre de la r\u00e9novation de son parcours de formation, la Ligue R\u00e9gionale Hauts de France de Basketball a organis\u00e9 son traditionnel Camp Inter-Comit\u00e9s U12 qui s\u2019est tenu \u00e0 Gravelines du 4 au 7 Juillet 2019. Les jeunes potentiel, n\u00e9s en 2007, qui ont \u00e9t\u00e9 rep\u00e9r\u00e9 durant les rencontres Inter-Secteurs, sont issus des s\u00e9lections f\u00e9minines et masculines des Comit\u00e9s du Nord, du Pas-de-Calais, de l\u2019Aisne, de l\u2019Oise et de la Somme. Durant ces 4 jours, 8 filles et 12 gar\u00e7ons du Comit\u00e9 du Nord, ont particip\u00e9 \u00e0 des entra\u00eenements orient\u00e9s sur le travail des fondamentaux individuels, sur le jeu de relance et sur le pr\u00e9-collectif. Ils ont pu mettre en application leurs acquis durant des matchs, encadr\u00e9s par des techniciens venant des diff\u00e9rents Comit\u00e9s et des CTS de la Ligue Hauts de France Basketball. L\u2019objectif \u00e9tait de pr\u00e9parer les jeunes en vue du prochain Tournoi Inter-Comit\u00e9s U12. Les jeunes de nos s\u00e9lections sont issus des clubs : BF Escaudain, BC Bailleul, AS Aulnoye, O Grande-Synthe, SM Tourcoing, C\u0153ur de Flandre BB, Union Dechy Sin Basket, Wasquehal Femina (Pour la s\u00e9lection F\u00e9minine). BC Wattrelos, Lille M\u00e9tropole BC, ESBVA, BCM Gravelines, Douai Basket, O Grande-Synthe, BC Orchies, Conde Basket (Pour la s\u00e9lection Masculine).<\/p>\n","protected":false},"author":4,"featured_media":1783,"comment_status":"closed","ping_status":"open","sticky":false,"template":"","format":"standard","meta":{"_bbp_topic_count":0,"_bbp_reply_count":0,"_bbp_total_topic_count":0,"_bbp_total_reply_count":0,"_bbp_voice_count":0,"_bbp_anonymous_reply_count":0,"_bbp_topic_count_hidden":0,"_bbp_reply_count_hidden":0,"_bbp_forum_subforum_count":0,"_jetpack_memberships_contains_paid_content":false,"footnotes":"","jetpack_publicize_message":"","jetpack_publicize_feature_enabled":true,"jetpack_social_post_already_shared":true,"jetpack_social_options":{"image_generator_settings":{"template":"highway","default_image_id":0,"font":"","enabled":false},"version":2}},"categories":[1,54],"tags":[],"class_list":["post-1772","post","type-post","status-publish","format-standard","has-post-thumbnail","hentry","category-non-classe","category-technique"],"yoast_head":"<!-- This site is optimized with the Yoast SEO plugin v27.5 - https:\/\/yoast.com\/product\/yoast-seo-wordpress\/ -->\n<title>Camp Inter-Comit\u00e9 U12 - NordbasketBall.org<\/title>\n<meta name=\"robots\" content=\"index, follow, max-snippet:-1, max-image-preview:large, max-video-preview:-1\" \/>\n<link rel=\"canonical\" href=\"https:\/\/www.nordbasketball.org\/index.php\/camp-inter-comite-u12\/\" \/>\n<meta property=\"og:locale\" content=\"fr_FR\" \/>\n<meta property=\"og:type\" content=\"article\" \/>\n<meta property=\"og:title\" content=\"Camp Inter-Comit\u00e9 U12 - NordbasketBall.org\" \/>\n<meta property=\"og:description\" content=\"Dans le cadre de la r\u00e9novation de son parcours de formation, la Ligue R\u00e9gionale Hauts de France de Basketball a organis\u00e9 son traditionnel Camp Inter-Comit\u00e9s U12 qui s\u2019est tenu \u00e0 Gravelines du 4 au 7 Juillet 2019. Les jeunes potentiel, n\u00e9s en 2007, qui ont \u00e9t\u00e9 rep\u00e9r\u00e9 durant les rencontres Inter-Secteurs, sont issus des s\u00e9lections f\u00e9minines et masculines des Comit\u00e9s du Nord, du Pas-de-Calais, de l\u2019Aisne, de l\u2019Oise et de la Somme. Durant ces 4 jours, 8 filles et 12 gar\u00e7ons du Comit\u00e9 du Nord, ont particip\u00e9 \u00e0 des entra\u00eenements orient\u00e9s sur le travail des fondamentaux individuels, sur le jeu de relance et sur le pr\u00e9-collectif. Ils ont pu mettre en application leurs acquis durant des matchs, encadr\u00e9s par des techniciens venant des diff\u00e9rents Comit\u00e9s et des CTS de la Ligue Hauts de France Basketball. L\u2019objectif \u00e9tait de pr\u00e9parer les jeunes en vue du prochain Tournoi Inter-Comit\u00e9s U12. Les jeunes de nos s\u00e9lections sont issus des clubs : BF Escaudain, BC Bailleul, AS Aulnoye, O Grande-Synthe, SM Tourcoing, C\u0153ur de Flandre BB, Union Dechy Sin Basket, Wasquehal Femina (Pour la s\u00e9lection F\u00e9minine). BC Wattrelos, Lille M\u00e9tropole BC, ESBVA, BCM Gravelines, Douai Basket, O Grande-Synthe, BC Orchies, Conde Basket (Pour la s\u00e9lection Masculine).\" \/>\n<meta property=\"og:url\" content=\"https:\/\/www.nordbasketball.org\/index.php\/camp-inter-comite-u12\/\" \/>\n<meta property=\"og:site_name\" content=\"NordbasketBall.org\" \/>\n<meta property=\"article:published_time\" content=\"2019-07-25T14:34:34+00:00\" \/>\n<meta property=\"article:modified_time\" content=\"2019-07-25T19:32:41+00:00\" \/>\n<meta property=\"og:image\" content=\"https:\/\/i0.wp.com\/www.nordbasketball.org\/wp-content\/uploads\/2019\/07\/CIC-U12-AFFICHE-1.jpg?fit=1754%2C1240&ssl=1\" \/>\n\t<meta property=\"og:image:width\" content=\"1754\" \/>\n\t<meta property=\"og:image:height\" content=\"1240\" \/>\n\t<meta property=\"og:image:type\" content=\"image\/jpeg\" \/>\n<meta name=\"author\" content=\"cyril Longelin\" \/>\n<meta name=\"twitter:card\" content=\"summary_large_image\" \/>\n<meta name=\"twitter:label1\" content=\"\u00c9crit par\" \/>\n\t<meta name=\"twitter:data1\" content=\"cyril Longelin\" \/>\n\t<meta name=\"twitter:label2\" content=\"Dur\u00e9e de lecture estim\u00e9e\" \/>\n\t<meta name=\"twitter:data2\" content=\"1 minute\" \/>\n<script type=\"application\/ld+json\" class=\"yoast-schema-graph\">{\"@context\":\"https:\\\/\\\/schema.org\",\"@graph\":[{\"@type\":\"Article\",\"@id\":\"https:\\\/\\\/www.nordbasketball.org\\\/index.php\\\/camp-inter-comite-u12\\\/#article\",\"isPartOf\":{\"@id\":\"https:\\\/\\\/www.nordbasketball.org\\\/index.php\\\/camp-inter-comite-u12\\\/\"},\"author\":{\"name\":\"cyril Longelin\",\"@id\":\"https:\\\/\\\/www.nordbasketball.org\\\/#\\\/schema\\\/person\\\/a3f306877265dac88414a08142f3331b\"},\"headline\":\"Camp Inter-Comit\u00e9 U12\",\"datePublished\":\"2019-07-25T14:34:34+00:00\",\"dateModified\":\"2019-07-25T19:32:41+00:00\",\"mainEntityOfPage\":{\"@id\":\"https:\\\/\\\/www.nordbasketball.org\\\/index.php\\\/camp-inter-comite-u12\\\/\"},\"wordCount\":249,\"image\":{\"@id\":\"https:\\\/\\\/www.nordbasketball.org\\\/index.php\\\/camp-inter-comite-u12\\\/#primaryimage\"},\"thumbnailUrl\":\"https:\\\/\\\/i0.wp.com\\\/www.nordbasketball.org\\\/wp-content\\\/uploads\\\/2019\\\/07\\\/CIC-U12-AFFICHE-1.jpg?fit=1754%2C1240&ssl=1\",\"articleSection\":{\"1\":\"Technique\"},\"inLanguage\":\"fr-FR\"},{\"@type\":\"WebPage\",\"@id\":\"https:\\\/\\\/www.nordbasketball.org\\\/index.php\\\/camp-inter-comite-u12\\\/\",\"url\":\"https:\\\/\\\/www.nordbasketball.org\\\/index.php\\\/camp-inter-comite-u12\\\/\",\"name\":\"Camp Inter-Comit\u00e9 U12 - NordbasketBall.org\",\"isPartOf\":{\"@id\":\"https:\\\/\\\/www.nordbasketball.org\\\/#website\"},\"primaryImageOfPage\":{\"@id\":\"https:\\\/\\\/www.nordbasketball.org\\\/index.php\\\/camp-inter-comite-u12\\\/#primaryimage\"},\"image\":{\"@id\":\"https:\\\/\\\/www.nordbasketball.org\\\/index.php\\\/camp-inter-comite-u12\\\/#primaryimage\"},\"thumbnailUrl\":\"https:\\\/\\\/i0.wp.com\\\/www.nordbasketball.org\\\/wp-content\\\/uploads\\\/2019\\\/07\\\/CIC-U12-AFFICHE-1.jpg?fit=1754%2C1240&ssl=1\",\"datePublished\":\"2019-07-25T14:34:34+00:00\",\"dateModified\":\"2019-07-25T19:32:41+00:00\",\"author\":{\"@id\":\"https:\\\/\\\/www.nordbasketball.org\\\/#\\\/schema\\\/person\\\/a3f306877265dac88414a08142f3331b\"},\"breadcrumb\":{\"@id\":\"https:\\\/\\\/www.nordbasketball.org\\\/index.php\\\/camp-inter-comite-u12\\\/#breadcrumb\"},\"inLanguage\":\"fr-FR\",\"potentialAction\":[{\"@type\":\"ReadAction\",\"target\":[\"https:\\\/\\\/www.nordbasketball.org\\\/index.php\\\/camp-inter-comite-u12\\\/\"]}]},{\"@type\":\"ImageObject\",\"inLanguage\":\"fr-FR\",\"@id\":\"https:\\\/\\\/www.nordbasketball.org\\\/index.php\\\/camp-inter-comite-u12\\\/#primaryimage\",\"url\":\"https:\\\/\\\/i0.wp.com\\\/www.nordbasketball.org\\\/wp-content\\\/uploads\\\/2019\\\/07\\\/CIC-U12-AFFICHE-1.jpg?fit=1754%2C1240&ssl=1\",\"contentUrl\":\"https:\\\/\\\/i0.wp.com\\\/www.nordbasketball.org\\\/wp-content\\\/uploads\\\/2019\\\/07\\\/CIC-U12-AFFICHE-1.jpg?fit=1754%2C1240&ssl=1\",\"width\":1754,\"height\":1240},{\"@type\":\"BreadcrumbList\",\"@id\":\"https:\\\/\\\/www.nordbasketball.org\\\/index.php\\\/camp-inter-comite-u12\\\/#breadcrumb\",\"itemListElement\":[{\"@type\":\"ListItem\",\"position\":1,\"name\":\"Accueil\",\"item\":\"https:\\\/\\\/www.nordbasketball.org\\\/\"},{\"@type\":\"ListItem\",\"position\":2,\"name\":\"Camp Inter-Comit\u00e9 U12\"}]},{\"@type\":\"WebSite\",\"@id\":\"https:\\\/\\\/www.nordbasketball.org\\\/#website\",\"url\":\"https:\\\/\\\/www.nordbasketball.org\\\/\",\"name\":\"NordbasketBall.org\",\"description\":\"Plus Haut - Plus Fort - Plus Sport !\",\"potentialAction\":[{\"@type\":\"SearchAction\",\"target\":{\"@type\":\"EntryPoint\",\"urlTemplate\":\"https:\\\/\\\/www.nordbasketball.org\\\/?s={search_term_string}\"},\"query-input\":{\"@type\":\"PropertyValueSpecification\",\"valueRequired\":true,\"valueName\":\"search_term_string\"}}],\"inLanguage\":\"fr-FR\"},{\"@type\":\"Person\",\"@id\":\"https:\\\/\\\/www.nordbasketball.org\\\/#\\\/schema\\\/person\\\/a3f306877265dac88414a08142f3331b\",\"name\":\"cyril Longelin\",\"image\":{\"@type\":\"ImageObject\",\"inLanguage\":\"fr-FR\",\"@id\":\"https:\\\/\\\/secure.gravatar.com\\\/avatar\\\/d5a6843a201ca1600ecd81beef8ace415fac3113ea152b8bcc7e7a289edb298a?s=96&d=mm&r=g\",\"url\":\"https:\\\/\\\/secure.gravatar.com\\\/avatar\\\/d5a6843a201ca1600ecd81beef8ace415fac3113ea152b8bcc7e7a289edb298a?s=96&d=mm&r=g\",\"contentUrl\":\"https:\\\/\\\/secure.gravatar.com\\\/avatar\\\/d5a6843a201ca1600ecd81beef8ace415fac3113ea152b8bcc7e7a289edb298a?s=96&d=mm&r=g\",\"caption\":\"cyril Longelin\"},\"url\":\"https:\\\/\\\/www.nordbasketball.org\\\/index.php\\\/author\\\/longelin\\\/\"}]}<\/script>\n<!-- \/ Yoast SEO plugin. -->","yoast_head_json":{"title":"Camp Inter-Comit\u00e9 U12 - NordbasketBall.org","robots":{"index":"index","follow":"follow","max-snippet":"max-snippet:-1","max-image-preview":"max-image-preview:large","max-video-preview":"max-video-preview:-1"},"canonical":"https:\/\/www.nordbasketball.org\/index.php\/camp-inter-comite-u12\/","og_locale":"fr_FR","og_type":"article","og_title":"Camp Inter-Comit\u00e9 U12 - NordbasketBall.org","og_description":"Dans le cadre de la r\u00e9novation de son parcours de formation, la Ligue R\u00e9gionale Hauts de France de Basketball a organis\u00e9 son traditionnel Camp Inter-Comit\u00e9s U12 qui s\u2019est tenu \u00e0 Gravelines du 4 au 7 Juillet 2019. Les jeunes potentiel, n\u00e9s en 2007, qui ont \u00e9t\u00e9 rep\u00e9r\u00e9 durant les rencontres Inter-Secteurs, sont issus des s\u00e9lections f\u00e9minines et masculines des Comit\u00e9s du Nord, du Pas-de-Calais, de l\u2019Aisne, de l\u2019Oise et de la Somme. Durant ces 4 jours, 8 filles et 12 gar\u00e7ons du Comit\u00e9 du Nord, ont particip\u00e9 \u00e0 des entra\u00eenements orient\u00e9s sur le travail des fondamentaux individuels, sur le jeu de relance et sur le pr\u00e9-collectif. Ils ont pu mettre en application leurs acquis durant des matchs, encadr\u00e9s par des techniciens venant des diff\u00e9rents Comit\u00e9s et des CTS de la Ligue Hauts de France Basketball. L\u2019objectif \u00e9tait de pr\u00e9parer les jeunes en vue du prochain Tournoi Inter-Comit\u00e9s U12. Les jeunes de nos s\u00e9lections sont issus des clubs : BF Escaudain, BC Bailleul, AS Aulnoye, O Grande-Synthe, SM Tourcoing, C\u0153ur de Flandre BB, Union Dechy Sin Basket, Wasquehal Femina (Pour la s\u00e9lection F\u00e9minine). BC Wattrelos, Lille M\u00e9tropole BC, ESBVA, BCM Gravelines, Douai Basket, O Grande-Synthe, BC Orchies, Conde Basket (Pour la s\u00e9lection Masculine).","og_url":"https:\/\/www.nordbasketball.org\/index.php\/camp-inter-comite-u12\/","og_site_name":"NordbasketBall.org","article_published_time":"2019-07-25T14:34:34+00:00","article_modified_time":"2019-07-25T19:32:41+00:00","og_image":[{"width":1754,"height":1240,"url":"https:\/\/i0.wp.com\/www.nordbasketball.org\/wp-content\/uploads\/2019\/07\/CIC-U12-AFFICHE-1.jpg?fit=1754%2C1240&ssl=1","type":"image\/jpeg"}],"author":"cyril Longelin","twitter_card":"summary_large_image","twitter_misc":{"\u00c9crit par":"cyril Longelin","Dur\u00e9e de lecture estim\u00e9e":"1 minute"},"schema":{"@context":"https:\/\/schema.org","@graph":[{"@type":"Article","@id":"https:\/\/www.nordbasketball.org\/index.php\/camp-inter-comite-u12\/#article","isPartOf":{"@id":"https:\/\/www.nordbasketball.org\/index.php\/camp-inter-comite-u12\/"},"author":{"name":"cyril Longelin","@id":"https:\/\/www.nordbasketball.org\/#\/schema\/person\/a3f306877265dac88414a08142f3331b"},"headline":"Camp Inter-Comit\u00e9 U12","datePublished":"2019-07-25T14:34:34+00:00","dateModified":"2019-07-25T19:32:41+00:00","mainEntityOfPage":{"@id":"https:\/\/www.nordbasketball.org\/index.php\/camp-inter-comite-u12\/"},"wordCount":249,"image":{"@id":"https:\/\/www.nordbasketball.org\/index.php\/camp-inter-comite-u12\/#primaryimage"},"thumbnailUrl":"https:\/\/i0.wp.com\/www.nordbasketball.org\/wp-content\/uploads\/2019\/07\/CIC-U12-AFFICHE-1.jpg?fit=1754%2C1240&ssl=1","articleSection":{"1":"Technique"},"inLanguage":"fr-FR"},{"@type":"WebPage","@id":"https:\/\/www.nordbasketball.org\/index.php\/camp-inter-comite-u12\/","url":"https:\/\/www.nordbasketball.org\/index.php\/camp-inter-comite-u12\/","name":"Camp Inter-Comit\u00e9 U12 - NordbasketBall.org","isPartOf":{"@id":"https:\/\/www.nordbasketball.org\/#website"},"primaryImageOfPage":{"@id":"https:\/\/www.nordbasketball.org\/index.php\/camp-inter-comite-u12\/#primaryimage"},"image":{"@id":"https:\/\/www.nordbasketball.org\/index.php\/camp-inter-comite-u12\/#primaryimage"},"thumbnailUrl":"https:\/\/i0.wp.com\/www.nordbasketball.org\/wp-content\/uploads\/2019\/07\/CIC-U12-AFFICHE-1.jpg?fit=1754%2C1240&ssl=1","datePublished":"2019-07-25T14:34:34+00:00","dateModified":"2019-07-25T19:32:41+00:00","author":{"@id":"https:\/\/www.nordbasketball.org\/#\/schema\/person\/a3f306877265dac88414a08142f3331b"},"breadcrumb":{"@id":"https:\/\/www.nordbasketball.org\/index.php\/camp-inter-comite-u12\/#breadcrumb"},"inLanguage":"fr-FR","potentialAction":[{"@type":"ReadAction","target":["https:\/\/www.nordbasketball.org\/index.php\/camp-inter-comite-u12\/"]}]},{"@type":"ImageObject","inLanguage":"fr-FR","@id":"https:\/\/www.nordbasketball.org\/index.php\/camp-inter-comite-u12\/#primaryimage","url":"https:\/\/i0.wp.com\/www.nordbasketball.org\/wp-content\/uploads\/2019\/07\/CIC-U12-AFFICHE-1.jpg?fit=1754%2C1240&ssl=1","contentUrl":"https:\/\/i0.wp.com\/www.nordbasketball.org\/wp-content\/uploads\/2019\/07\/CIC-U12-AFFICHE-1.jpg?fit=1754%2C1240&ssl=1","width":1754,"height":1240},{"@type":"BreadcrumbList","@id":"https:\/\/www.nordbasketball.org\/index.php\/camp-inter-comite-u12\/#breadcrumb","itemListElement":[{"@type":"ListItem","position":1,"name":"Accueil","item":"https:\/\/www.nordbasketball.org\/"},{"@type":"ListItem","position":2,"name":"Camp Inter-Comit\u00e9 U12"}]},{"@type":"WebSite","@id":"https:\/\/www.nordbasketball.org\/#website","url":"https:\/\/www.nordbasketball.org\/","name":"NordbasketBall.org","description":"Plus Haut - Plus Fort - Plus Sport !","potentialAction":[{"@type":"SearchAction","target":{"@type":"EntryPoint","urlTemplate":"https:\/\/www.nordbasketball.org\/?s={search_term_string}"},"query-input":{"@type":"PropertyValueSpecification","valueRequired":true,"valueName":"search_term_string"}}],"inLanguage":"fr-FR"},{"@type":"Person","@id":"https:\/\/www.nordbasketball.org\/#\/schema\/person\/a3f306877265dac88414a08142f3331b","name":"cyril Longelin","image":{"@type":"ImageObject","inLanguage":"fr-FR","@id":"https:\/\/secure.gravatar.com\/avatar\/d5a6843a201ca1600ecd81beef8ace415fac3113ea152b8bcc7e7a289edb298a?s=96&d=mm&r=g","url":"https:\/\/secure.gravatar.com\/avatar\/d5a6843a201ca1600ecd81beef8ace415fac3113ea152b8bcc7e7a289edb298a?s=96&d=mm&r=g","contentUrl":"https:\/\/secure.gravatar.com\/avatar\/d5a6843a201ca1600ecd81beef8ace415fac3113ea152b8bcc7e7a289edb298a?s=96&d=mm&r=g","caption":"cyril Longelin"},"url":"https:\/\/www.nordbasketball.org\/index.php\/author\/longelin\/"}]}},"jetpack_publicize_connections":[],"jetpack_featured_media_url":"https:\/\/i0.wp.com\/www.nordbasketball.org\/wp-content\/uploads\/2019\/07\/CIC-U12-AFFICHE-1.jpg?fit=1754%2C1240&ssl=1","acf":[],"jetpack_likes_enabled":true,"jetpack_sharing_enabled":true,"jetpack_shortlink":"https:\/\/wp.me\/paRY6e-sA","_links":{"self":[{"href":"https:\/\/www.nordbasketball.org\/index.php\/wp-json\/wp\/v2\/posts\/1772","targetHints":{"allow":["GET"]}}],"collection":[{"href":"https:\/\/www.nordbasketball.org\/index.php\/wp-json\/wp\/v2\/posts"}],"about":[{"href":"https:\/\/www.nordbasketball.org\/index.php\/wp-json\/wp\/v2\/types\/post"}],"author":[{"embeddable":true,"href":"https:\/\/www.nordbasketball.org\/index.php\/wp-json\/wp\/v2\/users\/4"}],"replies":[{"embeddable":true,"href":"https:\/\/www.nordbasketball.org\/index.php\/wp-json\/wp\/v2\/comments?post=1772"}],"version-history":[{"count":0,"href":"https:\/\/www.nordbasketball.org\/index.php\/wp-json\/wp\/v2\/posts\/1772\/revisions"}],"wp:featuredmedia":[{"embeddable":true,"href":"https:\/\/www.nordbasketball.org\/index.php\/wp-json\/wp\/v2\/media\/1783"}],"wp:attachment":[{"href":"https:\/\/www.nordbasketball.org\/index.php\/wp-json\/wp\/v2\/media?parent=1772"}],"wp:term":[{"taxonomy":"category","embeddable":true,"href":"https:\/\/www.nordbasketball.org\/index.php\/wp-json\/wp\/v2\/categories?post=1772"},{"taxonomy":"post_tag","embeddable":true,"href":"https:\/\/www.nordbasketball.org\/index.php\/wp-json\/wp\/v2\/tags?post=1772"}],"curies":[{"name":"wp","href":"https:\/\/api.w.org\/{rel}","templated":true}]}}